{"id":1400,"date":"2020-09-05T21:51:22","date_gmt":"2020-09-05T20:51:22","guid":{"rendered":"http:\/\/www.gubbetrimmen.no\/blog\/?p=1400"},"modified":"2020-09-05T21:51:22","modified_gmt":"2020-09-05T20:51:22","slug":"gubbetur-til-sogn-19-sept","status":"publish","type":"post","link":"https:\/\/www.gubbetrimmen.no\/blog\/?p=1400","title":{"rendered":"Gubbetur til Sogn 19.sept"},"content":{"rendered":"<p>Det er snart ein tradisjon:  Vi stiller sterkt p\u00e5 terrengl\u00f8pet &laquo;Galdane Rundt&raquo; i L\u00e6rdal.  Vi h\u00e5par det same skjer i \u00e5r.  Dato er laurdag 19.sept.<br \/>\nInformasjon og p\u00e5melding finn du p\u00e5 denne sida:  https:\/\/www.facebook.com\/events\/319721345863868<\/p>\n<p>Og&#8230; s\u00e5 h\u00e5par vi mange har lyst \u00e5 bli med p\u00e5 2.etappe.  Det er tur til Fl\u00e5m med \u00e5rsm\u00f8te, fellesmiddag og overnatting.   Vi veit at mange alt er p\u00e5meldt, men det er end\u00e5 plass til mange.<\/p>\n<p>Dersom du har lyst \u00e5 blir med legg inn melding om dette p\u00e5 Facebook-sida v\u00e5r, eller kontakt sjefstrenaren p\u00e5 telefon 97054371.<\/p>\n","protected":false},"excerpt":{"rendered":"<p>Det er snart ein tradisjon: Vi stiller sterkt p\u00e5 terrengl\u00f8pet &laquo;Galdane Rundt&raquo; i L\u00e6rdal. Vi h\u00e5par det same skjer i \u00e5r. Dato er laurdag 19.sept. Informasjon og p\u00e5melding finn du p\u00e5 denne sida: https:\/\/www.facebook.com\/events\/319721345863868 Og&#8230; &hellip;<\/p>\n","protected":false},"author":1,"featured_media":0,"comment_status":"open","ping_status":"closed","sticky":false,"template":"","format":"standard","meta":{"footnotes":""},"categories":[1],"tags":[],"class_list":["post-1400","post","type-post","status-publish","format-standard","hentry","category-uncategorized"],"_links":{"self":[{"href":"https:\/\/www.gubbetrimmen.no\/blog\/index.php?rest_route=\/wp\/v2\/posts\/1400","targetHints":{"allow":["GET"]}}],"collection":[{"href":"https:\/\/www.gubbetrimmen.no\/blog\/index.php?rest_route=\/wp\/v2\/posts"}],"about":[{"href":"https:\/\/www.gubbetrimmen.no\/blog\/index.php?rest_route=\/wp\/v2\/types\/post"}],"author":[{"embeddable":true,"href":"https:\/\/www.gubbetrimmen.no\/blog\/index.php?rest_route=\/wp\/v2\/users\/1"}],"replies":[{"embeddable":true,"href":"https:\/\/www.gubbetrimmen.no\/blog\/index.php?rest_route=%2Fwp%2Fv2%2Fcomments&post=1400"}],"version-history":[{"count":1,"href":"https:\/\/www.gubbetrimmen.no\/blog\/index.php?rest_route=\/wp\/v2\/posts\/1400\/revisions"}],"predecessor-version":[{"id":1401,"href":"https:\/\/www.gubbetrimmen.no\/blog\/index.php?rest_route=\/wp\/v2\/posts\/1400\/revisions\/1401"}],"wp:attachment":[{"href":"https:\/\/www.gubbetrimmen.no\/blog\/index.php?rest_route=%2Fwp%2Fv2%2Fmedia&parent=1400"}],"wp:term":[{"taxonomy":"category","embeddable":true,"href":"https:\/\/www.gubbetrimmen.no\/blog\/index.php?rest_route=%2Fwp%2Fv2%2Fcategories&post=1400"},{"taxonomy":"post_tag","embeddable":true,"href":"https:\/\/www.gubbetrimmen.no\/blog\/index.php?rest_route=%2Fwp%2Fv2%2Ftags&post=1400"}],"curies":[{"name":"wp","href":"https:\/\/api.w.org\/{rel}","templated":true}]}}